{"id":9324,"date":"2022-04-22T11:04:44","date_gmt":"2022-04-22T10:04:44","guid":{"rendered":"https:\/\/www.arssaltandi.de\/?p=9324"},"modified":"2022-11-05T09:42:49","modified_gmt":"2022-11-05T08:42:49","slug":"schweine-schwitzen-nicht","status":"publish","type":"post","link":"https:\/\/www.arssaltandi.de\/index.php\/2022\/04\/22\/schweine-schwitzen-nicht\/","title":{"rendered":"Schweine schwitzen nicht?!"},"content":{"rendered":"\t\t<div data-elementor-type=\"wp-post\" data-elementor-id=\"9324\" class=\"elementor elementor-9324\" data-elementor-post-type=\"post\">\n\t\t\t\t\t\t<section class=\"elementor-section elementor-top-section elementor-element elementor-element-2c0a05b1 elementor-section-boxed elementor-section-height-default elementor-section-height-default\" data-id=\"2c0a05b1\" data-element_type=\"section\" data-e-type=\"section\">\n\t\t\t\t\t\t<div class=\"elementor-container elementor-column-gap-default\">\n\t\t\t\t\t<div class=\"elementor-column elementor-col-100 elementor-top-column elementor-element elementor-element-4160312e\" data-id=\"4160312e\" data-element_type=\"column\" data-e-type=\"column\">\n\t\t\t<div class=\"elementor-widget-wrap elementor-element-populated\">\n\t\t\t\t\t\t<div class=\"elementor-element elementor-element-66dda803 elementor-widget elementor-widget-text-editor\" data-id=\"66dda803\" data-element_type=\"widget\" data-e-type=\"widget\" data-widget_type=\"text-editor.default\">\n\t\t\t\t<div class=\"elementor-widget-container\">\n\t\t\t\t\t\t\t\t\t<script class=\"podigee-podcast-player\" src=\"https:\/\/player.podigee-cdn.net\/podcast-player\/javascripts\/podigee-podcast-player.js\" data-configuration=\"https:\/\/hinter-den-kulissen.podigee.io\/1-episode1\/embed?context=external\"><\/script><p>Tobi und Maurin haben den Podcast von Pia und Lunis \u00fcbernommen. In der ersten Folge sprechen sie \u00fcber das WM-Team von ARS SALTANDI.<\/p><p>Wir hoffen, Ihr habt Spa\u00df mit dieser Folge!<br \/>Lasst uns gerne Feedback da!<\/p>\t\t\t\t\t\t\t\t<\/div>\n\t\t\t\t<\/div>\n\t\t\t\t\t<\/div>\n\t\t<\/div>\n\t\t\t\t\t<\/div>\n\t\t<\/section>\n\t\t\t\t<\/div>\n\t\t","protected":false},"excerpt":{"rendered":"<p>Tobi und Maurin haben den Podcast von Pia und Lunis \u00fcbernommen. In der ersten Folge sprechen sie \u00fcber das WM-Team von ARS SALTANDI. Wir hoffen, Ihr habt Spa\u00df mit dieser Folge! Lasst uns gerne Feedback da!<\/p>\n","protected":false},"author":5,"featured_media":9861,"comment_status":"open","ping_status":"open","sticky":false,"template":"","format":"standard","meta":{"footnotes":""},"categories":[34,12],"tags":[],"class_list":["post-9324","post","type-post","status-publish","format-standard","has-post-thumbnail","hentry","category-family","category-kunst-kultur"],"_links":{"self":[{"href":"https:\/\/www.arssaltandi.de\/index.php\/wp-json\/wp\/v2\/posts\/9324","targetHints":{"allow":["GET"]}}],"collection":[{"href":"https:\/\/www.arssaltandi.de\/index.php\/wp-json\/wp\/v2\/posts"}],"about":[{"href":"https:\/\/www.arssaltandi.de\/index.php\/wp-json\/wp\/v2\/types\/post"}],"author":[{"embeddable":true,"href":"https:\/\/www.arssaltandi.de\/index.php\/wp-json\/wp\/v2\/users\/5"}],"replies":[{"embeddable":true,"href":"https:\/\/www.arssaltandi.de\/index.php\/wp-json\/wp\/v2\/comments?post=9324"}],"version-history":[{"count":36,"href":"https:\/\/www.arssaltandi.de\/index.php\/wp-json\/wp\/v2\/posts\/9324\/revisions"}],"predecessor-version":[{"id":9656,"href":"https:\/\/www.arssaltandi.de\/index.php\/wp-json\/wp\/v2\/posts\/9324\/revisions\/9656"}],"wp:featuredmedia":[{"embeddable":true,"href":"https:\/\/www.arssaltandi.de\/index.php\/wp-json\/wp\/v2\/media\/9861"}],"wp:attachment":[{"href":"https:\/\/www.arssaltandi.de\/index.php\/wp-json\/wp\/v2\/media?parent=9324"}],"wp:term":[{"taxonomy":"category","embeddable":true,"href":"https:\/\/www.arssaltandi.de\/index.php\/wp-json\/wp\/v2\/categories?post=9324"},{"taxonomy":"post_tag","embeddable":true,"href":"https:\/\/www.arssaltandi.de\/index.php\/wp-json\/wp\/v2\/tags?post=9324"}],"curies":[{"name":"wp","href":"https:\/\/api.w.org\/{rel}","templated":true}]}}